{"id":994,"date":"2023-09-07T11:40:15","date_gmt":"2023-09-07T11:40:15","guid":{"rendered":"https:\/\/avagarrett.net\/novo_site\/2023\/09\/07\/inicio_2022_2023-copy\/"},"modified":"2023-09-07T11:50:11","modified_gmt":"2023-09-07T11:50:11","slug":"inicio_2023_2024","status":"publish","type":"post","link":"https:\/\/avagarrett.net\/novo_site\/2023\/09\/07\/inicio_2023_2024\/","title":{"rendered":"In\u00edcio do ano letivo 2023-2024"},"content":{"rendered":"<p>[et_pb_section fb_built=&#8221;1&#8243; _builder_version=&#8221;4.16&#8243; global_colors_info=&#8221;{}&#8221;][et_pb_row _builder_version=&#8221;4.17.1&#8243; _module_preset=&#8221;default&#8221; global_colors_info=&#8221;{}&#8221;][et_pb_column type=&#8221;4_4&#8243; _builder_version=&#8221;4.17.1&#8243; _module_preset=&#8221;default&#8221; global_colors_info=&#8221;{}&#8221;][et_pb_text _builder_version=&#8221;4.21.0&#8243; _module_preset=&#8221;default&#8221; hover_enabled=&#8221;0&#8243; global_colors_info=&#8221;{}&#8221; sticky_enabled=&#8221;0&#8243;]<\/p>\n<p style=\"font-weight: 400;\"><strong><u>Reuni\u00f5es com os Encarregados de Educa\u00e7\u00e3o <\/u><\/strong><\/p>\n<p style=\"font-weight: 400;\"><strong><u>Pr\u00e9-escolar e 1.\u00ba ciclo<\/u><\/strong><\/p>\n<p style=\"font-weight: 400;\"><strong><u>\u00a0<\/u><\/strong><\/p>\n<p style=\"font-weight: 400;\">EB1\/JI |dia 13 de setembro| Calend\u00e1rio afixado nas escolas.<\/p>\n<p style=\"font-weight: 400;\"><strong><u>In\u00edcio das Atividades Letivas<\/u><\/strong><\/p>\n<p style=\"font-weight: 400;\">Pr\u00e9-escolar e 1.\u00ba CEB | dia 14 de setembro | 9h<\/p>\n<p style=\"font-weight: 400;\">5.\u00ba ano | dia 14 de setembro | Apresenta\u00e7\u00e3o | manh\u00e3*<\/p>\n<p style=\"font-weight: 400;\">6.\u00ba, 7.\u00ba, 8.\u00ba e 9.\u00ba | dia 14 de setembro | Apresenta\u00e7\u00e3o | tarde*<\/p>\n<p style=\"font-weight: 400;\">__<\/p>\n<p style=\"font-weight: 400;\">* hora da apresenta\u00e7\u00e3o ser\u00e1 afixada juntamente com as listas das turmas.<\/p>\n<p style=\"font-weight: 400;\">Mais informa\u00e7\u00f5es <a href=\"https:\/\/avagarrett.net\/novo_site\/docs_info_geral\/\" target=\"_blank\" rel=\"noopener\">aqui.<\/a><\/p>\n<p>&nbsp;<\/p>\n<p>[\/et_pb_text][\/et_pb_column][\/et_pb_row][\/et_pb_section]<\/p>\n","protected":false},"excerpt":{"rendered":"<p>Reuni\u00f5es com os Encarregados de Educa\u00e7\u00e3o Pr\u00e9-escolar e 1.\u00ba ciclo \u00a0 EB1\/JI |dia 13 de setembro| Calend\u00e1rio afixado nas escolas. In\u00edcio das Atividades Letivas Pr\u00e9-escolar e 1.\u00ba CEB | dia 14 de setembro | 9h 5.\u00ba ano | dia 14 de setembro | Apresenta\u00e7\u00e3o | manh\u00e3* 6.\u00ba, 7.\u00ba, 8.\u00ba e 9.\u00ba | dia 14 de [&hellip;]<\/p>\n","protected":false},"author":1,"featured_media":0,"comment_status":"closed","ping_status":"closed","sticky":false,"template":"","format":"standard","meta":{"_et_pb_use_builder":"on","_et_pb_old_content":"<!-- wp:paragraph -->\n<p>Welcome to WordPress. This is your first post. Edit or delete it, then start writing!<\/p>\n<!-- \/wp:paragraph -->","_et_gb_content_width":"","footnotes":""},"categories":[1],"tags":[],"class_list":["post-994","post","type-post","status-publish","format-standard","hentry","category-geral"],"_links":{"self":[{"href":"https:\/\/avagarrett.net\/novo_site\/wp-json\/wp\/v2\/posts\/994","targetHints":{"allow":["GET"]}}],"collection":[{"href":"https:\/\/avagarrett.net\/novo_site\/wp-json\/wp\/v2\/posts"}],"about":[{"href":"https:\/\/avagarrett.net\/novo_site\/wp-json\/wp\/v2\/types\/post"}],"author":[{"embeddable":true,"href":"https:\/\/avagarrett.net\/novo_site\/wp-json\/wp\/v2\/users\/1"}],"replies":[{"embeddable":true,"href":"https:\/\/avagarrett.net\/novo_site\/wp-json\/wp\/v2\/comments?post=994"}],"version-history":[{"count":2,"href":"https:\/\/avagarrett.net\/novo_site\/wp-json\/wp\/v2\/posts\/994\/revisions"}],"predecessor-version":[{"id":997,"href":"https:\/\/avagarrett.net\/novo_site\/wp-json\/wp\/v2\/posts\/994\/revisions\/997"}],"wp:attachment":[{"href":"https:\/\/avagarrett.net\/novo_site\/wp-json\/wp\/v2\/media?parent=994"}],"wp:term":[{"taxonomy":"category","embeddable":true,"href":"https:\/\/avagarrett.net\/novo_site\/wp-json\/wp\/v2\/categories?post=994"},{"taxonomy":"post_tag","embeddable":true,"href":"https:\/\/avagarrett.net\/novo_site\/wp-json\/wp\/v2\/tags?post=994"}],"curies":[{"name":"wp","href":"https:\/\/api.w.org\/{rel}","templated":true}]}}