{"id":590,"date":"2022-04-18T11:46:04","date_gmt":"2022-04-18T11:46:04","guid":{"rendered":"https:\/\/avagarrett.net\/novo_site\/2022\/04\/18\/novo_website-copy\/"},"modified":"2022-05-02T10:10:40","modified_gmt":"2022-05-02T10:10:40","slug":"matriculas_2022_2023","status":"publish","type":"post","link":"https:\/\/avagarrett.net\/novo_site\/2022\/04\/18\/matriculas_2022_2023\/","title":{"rendered":"Matr\u00edculas 2022\/2023"},"content":{"rendered":"<p>[et_pb_section fb_built=&#8221;1&#8243; _builder_version=&#8221;4.16&#8243; global_colors_info=&#8221;{}&#8221;][et_pb_row _builder_version=&#8221;4.17.1&#8243; _module_preset=&#8221;default&#8221; global_colors_info=&#8221;{}&#8221;][et_pb_column type=&#8221;4_4&#8243; _builder_version=&#8221;4.17.1&#8243; _module_preset=&#8221;default&#8221; global_colors_info=&#8221;{}&#8221;][et_pb_button button_url=&#8221;https:\/\/avagarrett.net\/novo_site\/wp-content\/uploads\/2022\/04\/Matriculas-Pre-e-1.o-ano-1-pagina-AVAG.doc-2022-2023_signed.pdf&#8221; url_new_window=&#8221;on&#8221; button_text=&#8221;Clique aqui para visualizar o aviso de abertura.&#8221; _builder_version=&#8221;4.17.1&#8243; _module_preset=&#8221;default&#8221; custom_button=&#8221;on&#8221; button_text_color=&#8221;#FFFFFF&#8221; button_bg_color=&#8221;#0C71C3&#8243; global_colors_info=&#8221;{}&#8221;][\/et_pb_button][et_pb_text _builder_version=&#8221;4.17.1&#8243; _module_preset=&#8221;default&#8221; link_option_url_new_window=&#8221;on&#8221; global_colors_info=&#8221;{}&#8221; custom_padding=&#8221;||0px|||&#8221;]<\/p>\n<p>&nbsp;<\/p>\n<h1>Calend\u00e1rio de matr\u00edculas para o ano letivo 2022\/2023<\/h1>\n<h1><\/h1>\n<p>De acordo com o\u00a0<a href=\"https:\/\/files.dre.pt\/2s\/2022\/04\/071000002\/0000200004.pdf\"><strong>Despacho n.\u00ba 4209-A\/2022<\/strong><\/a>, de 11 de abril, o calend\u00e1rio de matr\u00edculas para o ano letivo 2022\/2023 \u00e9 o seguinte:<\/p>\n<ol>\n<li>a)\u00a0<strong>Educa\u00e7\u00e3o pr\u00e9-escolar <\/strong>e\u00a0<strong>1\u00ba ano <\/strong>do 1\u00ba ciclo do ensino b\u00e1sico \u2013 entre <strong>19 de abril e 16 de maio<\/strong><\/li>\n<\/ol>\n<p>(As matr\u00edculas recebidas at\u00e9 16 de maio de 2022 s\u00e3o consideradas imediatamente ap\u00f3s essa data para efeitos de seria\u00e7\u00e3o. As demais est\u00e3o sujeitas\u00a0 a seria\u00e7\u00e3o em momento posterior.<\/p>\n<ol start=\"2\">\n<li>b)\u00a0<strong>\u00ba, 3.\u00ba, 4.\u00ba, 5.\u00ba, 6.\u00ba e 7.<\/strong>\u00ba\u00a0<strong>anos\u00a0<\/strong>do ensino b\u00e1sico \u2013 <strong>entre 9 e 19 de julho<\/strong><\/li>\n<li>c)\u00a0<strong>\u00ba e 9.\u00ba anos <\/strong>do ensino b\u00e1sico e\u00a0<strong>ensino secund\u00e1rio <\/strong>\u2013 \u00a0entre <strong>17 de junho e 1 de julho<\/strong><\/li>\n<\/ol>\n<p>&nbsp;<\/p>\n<p>As\u00a0<strong>renova\u00e7\u00f5es das matr\u00edculas<\/strong>\u00a0operam automaticamente, exceto nas seguintes situa\u00e7\u00f5es:<\/p>\n<ul>\n<li>transfer\u00eancia de estabelecimento<\/li>\n<li>transi\u00e7\u00e3o de ciclo<\/li>\n<li>altera\u00e7\u00e3o de encarregado de educa\u00e7\u00e3o<\/li>\n<li>necessidade de sele\u00e7\u00e3o de op\u00e7\u00e3o curricular<\/li>\n<\/ul>\n<p>&nbsp;<\/p>\n<p>As matr\u00edculas e as renova\u00e7\u00f5es de matr\u00edcula para o ano letivo<strong>\u00a02022\/2023<\/strong>\u00a0s\u00e3o realizadas atrav\u00e9s do\u00a0 <a href=\"https:\/\/portaldasmatriculas.edu.gov.pt\/pmat\/#\/portal\/home\"><strong>Portal das Matr\u00edculas<\/strong><\/a><\/p>\n<p>A Dire\u00e7\u00e3o<\/p>\n<p><span><strong><\/strong><\/span><\/p>\n<p><span><strong><\/strong><\/span><\/p>\n<p>&nbsp;<\/p>\n<p>&nbsp;<\/p>\n<p>[\/et_pb_text][\/et_pb_column][\/et_pb_row][et_pb_row _builder_version=&#8221;4.17.3&#8243; _module_preset=&#8221;default&#8221; column_structure=&#8221;1_2,1_2&#8243;][et_pb_column _builder_version=&#8221;4.17.3&#8243; _module_preset=&#8221;default&#8221; type=&#8221;1_2&#8243;][et_pb_button button_url=&#8221;https:\/\/avagarrett.net\/novo_site\/wp-content\/uploads\/2022\/05\/DGEstE_MatriculasERenovacao.pdf&#8221; url_new_window=&#8221;on&#8221; button_text=&#8221;Informa\u00e7\u00e3o Matr\u00edculas e Renova\u00e7\u00e3o de Matr\u00edculas para Encarregados de Educa\u00e7\u00e3o&#8221; _builder_version=&#8221;4.17.3&#8243; _module_preset=&#8221;default&#8221; custom_button=&#8221;on&#8221; button_text_color=&#8221;#FFFFFF&#8221; button_bg_color=&#8221;#0C71C3&#8243; hover_enabled=&#8221;0&#8243; global_colors_info=&#8221;{}&#8221; sticky_enabled=&#8221;0&#8243; button_text_size=&#8221;16px&#8221;][\/et_pb_button][\/et_pb_column][et_pb_column _builder_version=&#8221;4.17.3&#8243; _module_preset=&#8221;default&#8221; type=&#8221;1_2&#8243;][et_pb_button button_url=&#8221;https:\/\/avagarrett.net\/novo_site\/wp-content\/uploads\/2022\/05\/DGEstE_MatriculasERenovacao_Flyer.pdf&#8221; url_new_window=&#8221;on&#8221; button_text=&#8221;Informa\u00e7\u00e3o Matr\u00edculas e Renova\u00e7\u00e3o de Matr\u00edculas para Encarregados de Educa\u00e7\u00e3o ( flyer )&#8221; _builder_version=&#8221;4.17.3&#8243; _module_preset=&#8221;default&#8221; custom_button=&#8221;on&#8221; button_text_color=&#8221;#FFFFFF&#8221; button_bg_color=&#8221;#0C71C3&#8243; hover_enabled=&#8221;0&#8243; global_colors_info=&#8221;{}&#8221; sticky_enabled=&#8221;0&#8243; button_text_size=&#8221;16px&#8221;][\/et_pb_button][\/et_pb_column][\/et_pb_row][\/et_pb_section]<\/p>\n","protected":false},"excerpt":{"rendered":"<p>&nbsp; Calend\u00e1rio de matr\u00edculas para o ano letivo 2022\/2023 De acordo com o\u00a0Despacho n.\u00ba 4209-A\/2022, de 11 de abril, o calend\u00e1rio de matr\u00edculas para o ano letivo 2022\/2023 \u00e9 o seguinte: a)\u00a0Educa\u00e7\u00e3o pr\u00e9-escolar e\u00a01\u00ba ano do 1\u00ba ciclo do ensino b\u00e1sico \u2013 entre 19 de abril e 16 de maio (As matr\u00edculas recebidas at\u00e9 16 [&hellip;]<\/p>\n","protected":false},"author":1,"featured_media":0,"comment_status":"closed","ping_status":"closed","sticky":false,"template":"","format":"standard","meta":{"_et_pb_use_builder":"on","_et_pb_old_content":"<!-- wp:paragraph -->\n<p>Welcome to WordPress. This is your first post. Edit or delete it, then start writing!<\/p>\n<!-- \/wp:paragraph -->","_et_gb_content_width":"","footnotes":""},"categories":[1],"tags":[],"class_list":["post-590","post","type-post","status-publish","format-standard","hentry","category-geral"],"_links":{"self":[{"href":"https:\/\/avagarrett.net\/novo_site\/wp-json\/wp\/v2\/posts\/590","targetHints":{"allow":["GET"]}}],"collection":[{"href":"https:\/\/avagarrett.net\/novo_site\/wp-json\/wp\/v2\/posts"}],"about":[{"href":"https:\/\/avagarrett.net\/novo_site\/wp-json\/wp\/v2\/types\/post"}],"author":[{"embeddable":true,"href":"https:\/\/avagarrett.net\/novo_site\/wp-json\/wp\/v2\/users\/1"}],"replies":[{"embeddable":true,"href":"https:\/\/avagarrett.net\/novo_site\/wp-json\/wp\/v2\/comments?post=590"}],"version-history":[{"count":11,"href":"https:\/\/avagarrett.net\/novo_site\/wp-json\/wp\/v2\/posts\/590\/revisions"}],"predecessor-version":[{"id":643,"href":"https:\/\/avagarrett.net\/novo_site\/wp-json\/wp\/v2\/posts\/590\/revisions\/643"}],"wp:attachment":[{"href":"https:\/\/avagarrett.net\/novo_site\/wp-json\/wp\/v2\/media?parent=590"}],"wp:term":[{"taxonomy":"category","embeddable":true,"href":"https:\/\/avagarrett.net\/novo_site\/wp-json\/wp\/v2\/categories?post=590"},{"taxonomy":"post_tag","embeddable":true,"href":"https:\/\/avagarrett.net\/novo_site\/wp-json\/wp\/v2\/tags?post=590"}],"curies":[{"name":"wp","href":"https:\/\/api.w.org\/{rel}","templated":true}]}}