{"id":2150,"date":"2026-09-02T09:39:57","date_gmt":"2026-09-02T09:39:57","guid":{"rendered":"https:\/\/avagarrett.net\/novo_site\/?p=2150"},"modified":"2026-09-02T09:51:32","modified_gmt":"2026-09-02T09:51:32","slug":"afixao-de-horrios-8-de-setembro","status":"publish","type":"post","link":"https:\/\/avagarrett.net\/novo_site\/2026\/09\/02\/afixao-de-horrios-8-de-setembro\/","title":{"rendered":"Afixa\u00e7\u00e3o de hor\u00e1rios e Rece\u00e7\u00e3o aos alunos"},"content":{"rendered":"<p>[et_pb_section fb_built=&#8221;1&#8243; _builder_version=&#8221;4.16&#8243; da_disable_devices=&#8221;off|off|off&#8221; global_colors_info=&#8221;{}&#8221; da_is_popup=&#8221;off&#8221; da_exit_intent=&#8221;off&#8221; da_has_close=&#8221;on&#8221; da_alt_close=&#8221;off&#8221; da_dark_close=&#8221;off&#8221; da_not_modal=&#8221;on&#8221; da_is_singular=&#8221;off&#8221; da_with_loader=&#8221;off&#8221; da_has_shadow=&#8221;on&#8221;][et_pb_row _builder_version=&#8221;4.27.6&#8243; _module_preset=&#8221;default&#8221; global_colors_info=&#8221;{}&#8221;][et_pb_column type=&#8221;4_4&#8243; _builder_version=&#8221;4.27.6&#8243; _module_preset=&#8221;default&#8221; global_colors_info=&#8221;{}&#8221;][et_pb_text _builder_version=&#8221;4.27.8&#8243; _module_preset=&#8221;default&#8221; hover_enabled=&#8221;0&#8243; global_colors_info=&#8221;{}&#8221; sticky_enabled=&#8221;0&#8243;]<\/p>\n<p><span data-olk-copy-source=\"MessageBody\">Informa-se que ser\u00e3o afixados os hor\u00e1rios e turmas na pr\u00f3xima\u00a0 3\u00aa feira, dia 8 de setembro.<\/span><span data-olk-copy-source=\"MessageBody\"><\/span><\/p>\n<p style=\"font-weight: 400;\"><strong>\u00a0Rece\u00e7\u00e3o aos alunos 5.\u00ba ano<\/strong><\/p>\n<p style=\"font-weight: 400;\"><a href=\"https:\/\/avagarrett.net\/novo_site\/wp-content\/uploads\/2026\/09\/RECECAO-AOS-ALUNOS-DO-5oANO.pdf\">https:\/\/avagarrett.net\/novo_site\/wp-content\/uploads\/2026\/09\/RECECAO-AOS-ALUNOS-DO-5oANO.pdf<\/a><\/p>\n<p style=\"font-weight: 400;\"><strong>Rece\u00e7\u00e3o aos alunos do 6.\u00ba, 7.\u00ba, 8.\u00ba e 9.\u00ba anos<\/strong><\/p>\n<p style=\"font-weight: 400;\"><a href=\"https:\/\/avagarrett.net\/novo_site\/wp-content\/uploads\/2026\/09\/Rececao_reuniao-direcao-6.o-7.o-8.o-e-9.o.pdf\">https:\/\/avagarrett.net\/novo_site\/wp-content\/uploads\/2026\/09\/Rececao_reuniao-direcao-6.o-7.o-8.o-e-9.o.pdf<\/a><\/p>\n<p><strong>Rece\u00e7\u00e3o aos alunos 2026\/2027 (local e hora para cada turma)<\/strong><\/p>\n<p style=\"font-weight: 400;\"><a href=\"https:\/\/avagarrett.net\/novo_site\/wp-content\/uploads\/2026\/09\/Rececao-aos-alunos-25-26-.pdf\">https:\/\/avagarrett.net\/novo_site\/wp-content\/uploads\/2026\/09\/Rececao-aos-alunos-25-26-.pdf<\/a><\/p>\n<p>[\/et_pb_text][\/et_pb_column][\/et_pb_row][\/et_pb_section]<\/p>\n","protected":false},"excerpt":{"rendered":"<p>Informa-se que ser\u00e3o afixados os hor\u00e1rios e turmas na pr\u00f3xima\u00a0 3\u00aa feira, dia 8 de setembro. \u00a0Rece\u00e7\u00e3o aos alunos 5.\u00ba ano https:\/\/avagarrett.net\/novo_site\/wp-content\/uploads\/2026\/09\/RECECAO-AOS-ALUNOS-DO-5oANO.pdf Rece\u00e7\u00e3o aos alunos do 6.\u00ba, 7.\u00ba, 8.\u00ba e 9.\u00ba anos https:\/\/avagarrett.net\/novo_site\/wp-content\/uploads\/2026\/09\/Rececao_reuniao-direcao-6.o-7.o-8.o-e-9.o.pdf Rece\u00e7\u00e3o aos alunos 2026\/2027 (local e hora para cada turma) https:\/\/avagarrett.net\/novo_site\/wp-content\/uploads\/2026\/09\/Rececao-aos-alunos-25-26-.pdf<\/p>\n","protected":false},"author":1,"featured_media":0,"comment_status":"closed","ping_status":"closed","sticky":false,"template":"","format":"standard","meta":{"_et_pb_use_builder":"on","_et_pb_old_content":"<!-- wp:paragraph -->\n<p>Welcome to WordPress. This is your first post. Edit or delete it, then start writing!<\/p>\n<!-- \/wp:paragraph -->","_et_gb_content_width":"","footnotes":""},"categories":[28],"tags":[],"class_list":["post-2150","post","type-post","status-publish","format-standard","hentry","category-geral_imp"],"_links":{"self":[{"href":"https:\/\/avagarrett.net\/novo_site\/wp-json\/wp\/v2\/posts\/2150","targetHints":{"allow":["GET"]}}],"collection":[{"href":"https:\/\/avagarrett.net\/novo_site\/wp-json\/wp\/v2\/posts"}],"about":[{"href":"https:\/\/avagarrett.net\/novo_site\/wp-json\/wp\/v2\/types\/post"}],"author":[{"embeddable":true,"href":"https:\/\/avagarrett.net\/novo_site\/wp-json\/wp\/v2\/users\/1"}],"replies":[{"embeddable":true,"href":"https:\/\/avagarrett.net\/novo_site\/wp-json\/wp\/v2\/comments?post=2150"}],"version-history":[{"count":2,"href":"https:\/\/avagarrett.net\/novo_site\/wp-json\/wp\/v2\/posts\/2150\/revisions"}],"predecessor-version":[{"id":2157,"href":"https:\/\/avagarrett.net\/novo_site\/wp-json\/wp\/v2\/posts\/2150\/revisions\/2157"}],"wp:attachment":[{"href":"https:\/\/avagarrett.net\/novo_site\/wp-json\/wp\/v2\/media?parent=2150"}],"wp:term":[{"taxonomy":"category","embeddable":true,"href":"https:\/\/avagarrett.net\/novo_site\/wp-json\/wp\/v2\/categories?post=2150"},{"taxonomy":"post_tag","embeddable":true,"href":"https:\/\/avagarrett.net\/novo_site\/wp-json\/wp\/v2\/tags?post=2150"}],"curies":[{"name":"wp","href":"https:\/\/api.w.org\/{rel}","templated":true}]}}